{"id":7578,"date":"2023-07-17T21:13:27","date_gmt":"2023-07-17T21:13:27","guid":{"rendered":"https:\/\/minavykort.com\/vykort\/?p=7578"},"modified":"2023-07-17T21:13:27","modified_gmt":"2023-07-17T21:13:27","slug":"augsburg-tyskland","status":"publish","type":"post","link":"https:\/\/minavykort.com\/vykort\/augsburg-tyskland\/","title":{"rendered":"Augsburg &#8211; Tyskland"},"content":{"rendered":"<p><a href=\"https:\/\/minavykort.com\/vykort\/uhldingen-muhlhofen-tyskland\/germany\/\" rel=\"attachment wp-att-1652\"><img loading=\"lazy\" decoding=\"async\" class=\"alignnone size-full wp-image-1652\" src=\"https:\/\/minavykort.com\/vykort\/wp-content\/uploads\/2023\/02\/germany.gif\" alt=\"\" width=\"27\" height=\"17\"><\/a><br \/>\nVykort fr\u00e5n Augsburg, Tyskland.<\/p>\n<p>Augsburg \u00e4r en fri stad i f\u00f6rvaltningsomr\u00e5det Schwaben och \u00e4r den tredje st\u00f6rsta staden (efter M\u00fcnchen och N\u00fcrnberg) i delstaten Bayern i s\u00f6dra Tyskland. Inv\u00e5narantalet uppgick till cirka 266 600 m\u00e4nniskor (2012) och har \u00f6kat till cirka 296 000 inv\u00e5nare. Den \u00e4r bel\u00e4gen i s\u00f6dra Bayern vid floden Lech p\u00e5 ett avst\u00e5nd av cirka 60 kilometer fr\u00e5n M\u00fcnchen. I staden finns b\u00e5de en teknisk h\u00f6gskola och ett universitet med juridisk, humanistisk, samh\u00e4llsvetenskaplig och matematisk-naturvetenskaplig fakultet. Totalt studerar cirka 20 000 studenter d\u00e4r. Staden \u00e4r en viktig handels- och industristad med bland annat maskin- och textilindustri.<\/p>\nngg_shortcode_0_placeholder\n<ul>\n<li><a href=\"https:\/\/sv.wikipedia.org\/wiki\/Augsburg\" target=\"_blank\" rel=\"noopener\">Augsburg p\u00e5 Wikipedia<\/a><\/li>\n<\/ul>\n","protected":false},"excerpt":{"rendered":"<p>Vykort fr\u00e5n Augsburg, Tyskland. Augsburg \u00e4r en fri stad i f\u00f6rvaltningsomr\u00e5det Schwaben och \u00e4r den tredje st\u00f6rsta staden (efter M\u00fcnchen och N\u00fcrnberg) i delstaten Bayern i s\u00f6dra Tyskland. Inv\u00e5narantalet uppgick till cirka 266 600 m\u00e4nniskor (2012) och har \u00f6kat till cirka 296 000 inv\u00e5nare. Den \u00e4r bel\u00e4gen i s\u00f6dra Bayern vid floden Lech p\u00e5 ett [&hellip;]<\/p>\n","protected":false},"author":1,"featured_media":7585,"comment_status":"open","ping_status":"open","sticky":false,"template":"","format":"standard","meta":{"wikipediapreview_detectlinks":true,"site-container-style":"default","site-container-layout":"default","site-sidebar-layout":"default","site-transparent-header":"default","disable-article-header":"default","disable-site-header":"default","disable-site-footer":"default","disable-content-area-spacing":"default","ngg_post_thumbnail":0,"footnotes":""},"categories":[2853,6,225],"tags":[2854,228],"post_folder":[],"class_list":["post-7578","post","type-post","status-publish","format-standard","has-post-thumbnail","hentry","category-augsburg","category-europa","category-tyskland","tag-augsburg","tag-tyskland"],"views":331,"_links":{"self":[{"href":"https:\/\/minavykort.com\/vykort\/wp-json\/wp\/v2\/posts\/7578","targetHints":{"allow":["GET"]}}],"collection":[{"href":"https:\/\/minavykort.com\/vykort\/wp-json\/wp\/v2\/posts"}],"about":[{"href":"https:\/\/minavykort.com\/vykort\/wp-json\/wp\/v2\/types\/post"}],"author":[{"embeddable":true,"href":"https:\/\/minavykort.com\/vykort\/wp-json\/wp\/v2\/users\/1"}],"replies":[{"embeddable":true,"href":"https:\/\/minavykort.com\/vykort\/wp-json\/wp\/v2\/comments?post=7578"}],"version-history":[{"count":1,"href":"https:\/\/minavykort.com\/vykort\/wp-json\/wp\/v2\/posts\/7578\/revisions"}],"predecessor-version":[{"id":7586,"href":"https:\/\/minavykort.com\/vykort\/wp-json\/wp\/v2\/posts\/7578\/revisions\/7586"}],"wp:featuredmedia":[{"embeddable":true,"href":"https:\/\/minavykort.com\/vykort\/wp-json\/wp\/v2\/media\/7585"}],"wp:attachment":[{"href":"https:\/\/minavykort.com\/vykort\/wp-json\/wp\/v2\/media?parent=7578"}],"wp:term":[{"taxonomy":"category","embeddable":true,"href":"https:\/\/minavykort.com\/vykort\/wp-json\/wp\/v2\/categories?post=7578"},{"taxonomy":"post_tag","embeddable":true,"href":"https:\/\/minavykort.com\/vykort\/wp-json\/wp\/v2\/tags?post=7578"},{"taxonomy":"post_folder","embeddable":true,"href":"https:\/\/minavykort.com\/vykort\/wp-json\/wp\/v2\/post_folder?post=7578"}],"curies":[{"name":"wp","href":"https:\/\/api.w.org\/{rel}","templated":true}]}}