{"id":14044,"date":"2026-08-30T15:57:15","date_gmt":"2026-08-30T15:57:15","guid":{"rendered":"https:\/\/minavykort.com\/vykort\/?p=14044"},"modified":"2026-08-30T15:57:15","modified_gmt":"2026-08-30T15:57:15","slug":"klinte","status":"publish","type":"post","link":"https:\/\/minavykort.com\/vykort\/klinte\/","title":{"rendered":"Klinte"},"content":{"rendered":"<p>Vykort fr\u00e5n <a href=\"https:\/\/maps.app.goo.gl\/sEiFaZFWG2aNXWxM8\" target=\"_blank\" rel=\"noopener\">Klinte<\/a>, Gotlands L\u00e4n<\/p>\n<p data-start=\"14\" data-end=\"346\">Klinte \u00e4r en \u00e4ldre kyrkby p\u00e5 <strong data-start=\"43\" data-end=\"64\">Gotlands v\u00e4stkust<\/strong>, strax \u00f6ster om Klintehamn. Orten har vuxit fram kring <strong data-start=\"120\" data-end=\"136\">Klinte kyrka<\/strong>, vars nuvarande byggnad uppf\u00f6rdes under 1100- och 1200-talen. N\u00e4r hamnens betydelse \u00f6kade under 1700-talet flyttades samh\u00e4llets centrum v\u00e4sterut mot dagens <strong data-start=\"293\" data-end=\"307\">Klintehamn<\/strong>.<\/p>\n<p data-start=\"348\" data-end=\"553\">Klinte kyrka och Klinte socken har fortsatt ge namn \u00e5t omr\u00e5det, medan Klintehamn utvecklades till ett centrum f\u00f6r bland annat handel, kalkhantering, fiske och sj\u00f6fart.<\/p>\n<ul>\n<li><a href=\"https:\/\/sv.wikipedia.org\/wiki\/Klinte\" target=\"_blank\" rel=\"noopener\">Klinte p\u00e5 Wikipedia<\/a><\/li>\n<\/ul>\n        <div class=\"mvcg-gallery-wrapper\" data-gallery=\"425\">\n\n                            <div class=\"mvcg-gallery-flag\">\n                    <img loading=\"lazy\" decoding=\"async\" src=\"https:\/\/minavykort.com\/vykort\/wp-content\/plugins\/MV%20Collector%20Gallery\/assets\/flags\/se.png\"\n                         alt=\"\"\n                         width=\"40\"\n                         height=\"30\">\n                <\/div>\n            \n            <div class=\"mvcg-gallery-toolbar\">\n                <div class=\"mvcg-gallery-count\">\n                    Visar 1-1 av 1 vykort                <\/div>\n\n                <form method=\"get\" class=\"mvcg-gallery-per-page\">\n                                        <label>\n                        Visa:                        <select name=\"per_page\" onchange=\"this.form.submit();\">\n                                                            <option value=\"10\" >\n                                    10                                <\/option>\n                                                            <option value=\"25\"  selected='selected'>\n                                    25                                <\/option>\n                                                            <option value=\"50\" >\n                                    50                                <\/option>\n                                                            <option value=\"100\" >\n                                    100                                <\/option>\n                                                            <option value=\"0\" >\n                                    Alla                                <\/option>\n                                                    <\/select>\n                    <\/label>\n                <\/form>\n\n            <\/div>\n\n                    <div class=\"mvcg-thumbnail-grid\">\n\n        \n                            <div class=\"mvcg-thumbnail\"\n                     title=\"Klicka f\u00f6r mer info om &quot;Klinte - Kyrka - Sverige&quot;\"\n                     data-index=\"0\"\n                     data-id=\"2602\"\n                     data-gallery=\"425\"\n                     data-image=\"https:\/\/minavykort.com\/vykort\/wp-content\/uploads\/mvcg\/gallery_0425\/klinte-klinte-kyrka-1836.webp\"\n                     data-title=\"Klinte - Kyrka - Sverige\"\n                     data-description=\"\"\n                     data-country=\"Sverige\"\n                     data-county=\"Gotland\"\n                     data-municipality=\"Gotland\"\n                     data-city=\"Klinte\"\n                     data-latitude=\"57.37841774\"\n                     data-longitude=\"18.23336718\"\n                     data-population=\"106\"\n                     data-elevation=\"9\"\n                     data-timezone=\"Europe\/Stockholm\"\n                     data-artist=\"\"\n                     data-category=\"\"\n                     data-topotype=\"topographic\"\n                     data-views=\"1\"\n                     data-shares=\"0\"\n                     data-motif=\"Klinte Kyrka\">\n                    <img decoding=\"async\" src=\"https:\/\/minavykort.com\/vykort\/wp-content\/uploads\/mvcg\/gallery_0425\/thumbnails\/klinte-klinte-kyrka-1836.webp\"\n                         alt=\"Klinte - Kyrka - Sverige\"\n                         loading=\"lazy\">\n                <\/div>\n                \n        \n        <\/div>\n        \n            \n            <div class=\"mvcg-gallery-share\" data-post-id=\"14044\">\n\n    <h3 class=\"mvcg-gallery-share-title\">\n        Dela detta galleri    <\/h3>\n\n    <div class=\"mvcg-gallery-share-icons\">\n\n        <button type=\"button\"\n                id=\"mvcg-gallery-share-facebook\"\n                aria-label=\"Facebook\"\n                title=\"Facebook\">\n            <img loading=\"lazy\" decoding=\"async\" src=\"https:\/\/minavykort.com\/vykort\/wp-content\/plugins\/MV%20Collector%20Gallery\/assets\/icons\/mvcg-facebook-44.png\" alt=\"Facebook\" width=\"44\" height=\"44\">\n        <\/button>\n\n        <button type=\"button\"\n                id=\"mvcg-gallery-share-x\"\n                aria-label=\"X\"\n                title=\"X\">\n            <img loading=\"lazy\" decoding=\"async\" src=\"https:\/\/minavykort.com\/vykort\/wp-content\/plugins\/MV%20Collector%20Gallery\/assets\/icons\/mvcg-x-44.png\" alt=\"X\" width=\"44\" height=\"44\">\n        <\/button>\n\n        <button type=\"button\"\n                id=\"mvcg-gallery-share-pinterest\"\n                aria-label=\"Pinterest\"\n                title=\"Pinterest\">\n            <img loading=\"lazy\" decoding=\"async\" src=\"https:\/\/minavykort.com\/vykort\/wp-content\/plugins\/MV%20Collector%20Gallery\/assets\/icons\/mvcg-pinterest-44.png\" alt=\"Pinterest\" width=\"44\" height=\"44\">\n        <\/button>\n\n        <button type=\"button\"\n                id=\"mvcg-gallery-share-copy\"\n                data-copy-url=\"https:\/\/minavykort.com\/vykort\/klinte\/\"\n                aria-label=\"Kopiera l\u00e4nk\"\n                title=\"Kopiera l\u00e4nk\">\n            <img loading=\"lazy\" decoding=\"async\" src=\"https:\/\/minavykort.com\/vykort\/wp-content\/plugins\/MV%20Collector%20Gallery\/assets\/icons\/mvcg-link-44.png\" alt=\"Kopiera l\u00e4nk\" width=\"44\" height=\"44\">\n        <\/button>\n\n    <\/div>\n\n    <div id=\"mvcg-gallery-share-copied\">\n        \u2714 L\u00e4nken kopierad!    <\/div>\n\n<\/div>\n<div style=\"border-top:1px solid #ccc;margin:20px 0;\"><\/div><div style=\"border-top:1px solid #ccc;margin:20px 0;\"><\/div>\n        <\/div>\n        \n","protected":false},"excerpt":{"rendered":"<p>Vykort fr\u00e5n Klinte, Gotlands L\u00e4n Klinte \u00e4r en \u00e4ldre kyrkby p\u00e5 Gotlands v\u00e4stkust, strax \u00f6ster om Klintehamn. Orten har vuxit fram kring Klinte kyrka, vars nuvarande byggnad uppf\u00f6rdes under 1100- och 1200-talen. N\u00e4r hamnens betydelse \u00f6kade under 1700-talet flyttades samh\u00e4llets centrum v\u00e4sterut mot dagens Klintehamn. Klinte kyrka och Klinte socken har fortsatt ge namn \u00e5t [&hellip;]<\/p>\n","protected":false},"author":1,"featured_media":14045,"comment_status":"open","ping_status":"open","sticky":false,"template":"","format":"standard","meta":{"wikipediapreview_detectlinks":true,"site-container-style":"default","site-container-layout":"default","site-sidebar-layout":"default","site-transparent-header":"default","disable-article-header":"default","disable-site-header":"default","disable-site-footer":"default","disable-content-area-spacing":"default","ngg_post_thumbnail":0,"footnotes":""},"categories":[907,3666,2],"tags":[2073,3667],"post_folder":[],"class_list":["post-14044","post","type-post","status-publish","format-standard","has-post-thumbnail","hentry","category-gotlands-lan","category-klinte","category-sverige","tag-klinte","tag-klinte-kyrka"],"views":10,"_links":{"self":[{"href":"https:\/\/minavykort.com\/vykort\/wp-json\/wp\/v2\/posts\/14044","targetHints":{"allow":["GET"]}}],"collection":[{"href":"https:\/\/minavykort.com\/vykort\/wp-json\/wp\/v2\/posts"}],"about":[{"href":"https:\/\/minavykort.com\/vykort\/wp-json\/wp\/v2\/types\/post"}],"author":[{"embeddable":true,"href":"https:\/\/minavykort.com\/vykort\/wp-json\/wp\/v2\/users\/1"}],"replies":[{"embeddable":true,"href":"https:\/\/minavykort.com\/vykort\/wp-json\/wp\/v2\/comments?post=14044"}],"version-history":[{"count":1,"href":"https:\/\/minavykort.com\/vykort\/wp-json\/wp\/v2\/posts\/14044\/revisions"}],"predecessor-version":[{"id":14046,"href":"https:\/\/minavykort.com\/vykort\/wp-json\/wp\/v2\/posts\/14044\/revisions\/14046"}],"wp:featuredmedia":[{"embeddable":true,"href":"https:\/\/minavykort.com\/vykort\/wp-json\/wp\/v2\/media\/14045"}],"wp:attachment":[{"href":"https:\/\/minavykort.com\/vykort\/wp-json\/wp\/v2\/media?parent=14044"}],"wp:term":[{"taxonomy":"category","embeddable":true,"href":"https:\/\/minavykort.com\/vykort\/wp-json\/wp\/v2\/categories?post=14044"},{"taxonomy":"post_tag","embeddable":true,"href":"https:\/\/minavykort.com\/vykort\/wp-json\/wp\/v2\/tags?post=14044"},{"taxonomy":"post_folder","embeddable":true,"href":"https:\/\/minavykort.com\/vykort\/wp-json\/wp\/v2\/post_folder?post=14044"}],"curies":[{"name":"wp","href":"https:\/\/api.w.org\/{rel}","templated":true}]}}